{"id":2418,"date":"2022-02-12T18:41:03","date_gmt":"2022-02-12T18:41:03","guid":{"rendered":"https:\/\/infoveracruz.com.mx\/?p=2418"},"modified":"2022-02-12T18:41:04","modified_gmt":"2022-02-12T18:41:04","slug":"profesionistas-optaron-por-la-venta-de-artesanias-ante-el-desempleo-que-genero-el-covid","status":"publish","type":"post","link":"https:\/\/infoveracruz.com.mx\/index.php\/2022\/02\/12\/profesionistas-optaron-por-la-venta-de-artesanias-ante-el-desempleo-que-genero-el-covid\/","title":{"rendered":"Profesionistas optaron por la venta de artesan\u00edas ante el desempleo que gener\u00f3 el Covid"},"content":{"rendered":"\n<p>Susana Cruz.<\/p>\n\n\n\n<p><br>Veracruz, Ver.- Profesionistas y personas en general optaron por la elaboraci\u00f3n y venta de artesan\u00edas y alimentos, luego de quedarse sin empleo a causa de la pandemia del Covid.<\/p>\n\n\n\n<p><br>Luisa Ben\u00edtez Garc\u00eda, directora de la Asociaci\u00f3n Mexicana de Mujeres Empresarias (AMMJE), se\u00f1al\u00f3 que tambi\u00e9n optaron por dicha opci\u00f3n quienes desean completar sus ingresos ante la alta inflaci\u00f3n y adversa situaci\u00f3n econ\u00f3mica.<\/p>\n\n\n\n<p><br>\u201cEste es nuestro octavo bazar, en el primero \u00e9ramos como 15, posteriormente se agrav\u00f3 la situaci\u00f3n porque perdieron sus empleos y se han idos sumando y tenemos ahorita cerca de 120 emprendedoras\u201d.<\/p>\n\n\n\n<p><br>Insisti\u00f3 en que triplic\u00f3 el ingreso a la agrupaci\u00f3n de emprendedoras, de mayo de 2021 a la fecha.<\/p>\n\n\n\n<p><br>No se trata solamente de artesanas sino que hay m\u00e1s personas que venden por cat\u00e1logo para obtener ingresos.<\/p>\n\n\n\n<p><br>\u201cTenemos de todo, productoras, artesanas, quienes venden por cat\u00e1logo, tenemos de todo, porque si limitamos dejar\u00edamos fuera a muchas personas y la idea es que todos nos apoyemos para reactivar la econom\u00eda del Puerto de Veracruz\u201d.<\/p>\n\n\n\n<p><br>Para sumarse a la organizaci\u00f3n no solicitan requisitos.<\/p>\n\n\n\n<p><br>Lo que se busca es contar con frente com\u00fan que permita generar ventas y reactivar la econom\u00eda.<\/p>\n\n\n\n<p><br>La Asociaci\u00f3n Mexicana de Mujeres Empresarias (AMMJE)tambi\u00e9n ofrece cursos de capacitaci\u00f3n para que sepan como emprender.<\/p>\n","protected":false},"excerpt":{"rendered":"<p>Susana Cruz. Veracruz, Ver.- Profesionistas y personas en general optaron por la elaboraci\u00f3n y venta&#8230;<\/p>\n","protected":false},"author":2,"featured_media":2419,"comment_status":"open","ping_status":"closed","sticky":false,"template":"","format":"standard","meta":{"_monsterinsights_skip_tracking":false,"_monsterinsights_sitenote_active":false,"_monsterinsights_sitenote_note":"","_monsterinsights_sitenote_category":0,"footnotes":""},"categories":[111],"tags":[],"class_list":["post-2418","post","type-post","status-publish","format-standard","has-post-thumbnail","hentry","category-local"],"_links":{"self":[{"href":"https:\/\/infoveracruz.com.mx\/index.php\/wp-json\/wp\/v2\/posts\/2418","targetHints":{"allow":["GET"]}}],"collection":[{"href":"https:\/\/infoveracruz.com.mx\/index.php\/wp-json\/wp\/v2\/posts"}],"about":[{"href":"https:\/\/infoveracruz.com.mx\/index.php\/wp-json\/wp\/v2\/types\/post"}],"author":[{"embeddable":true,"href":"https:\/\/infoveracruz.com.mx\/index.php\/wp-json\/wp\/v2\/users\/2"}],"replies":[{"embeddable":true,"href":"https:\/\/infoveracruz.com.mx\/index.php\/wp-json\/wp\/v2\/comments?post=2418"}],"version-history":[{"count":1,"href":"https:\/\/infoveracruz.com.mx\/index.php\/wp-json\/wp\/v2\/posts\/2418\/revisions"}],"predecessor-version":[{"id":2420,"href":"https:\/\/infoveracruz.com.mx\/index.php\/wp-json\/wp\/v2\/posts\/2418\/revisions\/2420"}],"wp:featuredmedia":[{"embeddable":true,"href":"https:\/\/infoveracruz.com.mx\/index.php\/wp-json\/wp\/v2\/media\/2419"}],"wp:attachment":[{"href":"https:\/\/infoveracruz.com.mx\/index.php\/wp-json\/wp\/v2\/media?parent=2418"}],"wp:term":[{"taxonomy":"category","embeddable":true,"href":"https:\/\/infoveracruz.com.mx\/index.php\/wp-json\/wp\/v2\/categories?post=2418"},{"taxonomy":"post_tag","embeddable":true,"href":"https:\/\/infoveracruz.com.mx\/index.php\/wp-json\/wp\/v2\/tags?post=2418"}],"curies":[{"name":"wp","href":"https:\/\/api.w.org\/{rel}","templated":true}]}}