{"id":2147,"date":"2022-02-04T23:47:56","date_gmt":"2022-02-04T23:47:56","guid":{"rendered":"https:\/\/infoveracruz.com.mx\/?p=2147"},"modified":"2022-02-04T23:47:57","modified_gmt":"2022-02-04T23:47:57","slug":"ople-no-tendra-presupuesto-adicional-para-elecciones-extraordinarias-de-abril","status":"publish","type":"post","link":"https:\/\/infoveracruz.com.mx\/index.php\/2022\/02\/04\/ople-no-tendra-presupuesto-adicional-para-elecciones-extraordinarias-de-abril\/","title":{"rendered":"OPLE no tendr\u00e1 presupuesto adicional para elecciones extraordinarias de abril"},"content":{"rendered":"\n<p><br>Susana Cruz.<\/p>\n\n\n\n<p><br>Veracruz, Ver. El consejero presidente del Organismo P\u00fablico Local Electoral (OPLE), Alejandro Bonilla Bonilla, descart\u00f3 que el organismo pueda solicitar una ampliaci\u00f3n presupuestal para las elecciones extraordinarias de abril.<br>Se tendr\u00e1n para este a\u00f1o 483 millones de pesos tanto para las prerrogativas como para la organizaci\u00f3n de los procesos electorales extraordinarios.<br>&#8220;Nosotros haremos un esfuerzo que con el presupuesto del Congreso del Estado nos autoriz\u00f3 para el 2022. De 660 millones, que ya se ajustaron en menos 173 millones, por el tema de las prerrogativas, ya que el mismo Congreso reform\u00f3 el art\u00edculo 50 del C\u00f3digo Electoral para bajar las prerrogativas al 50 por ciento&#8221;.<br>Consider\u00f3 que en las elecciones extraordinarias se gastar\u00e1n cerca de 10 millones de pesos, pues se habr\u00e1n de instalar 72 casillas en los cuatro municipios.<br>Cabe mencionar que en los municipios en los que se tendr\u00e1n que repetir las elecciones el pr\u00f3ximo 03 de abril son: Jes\u00fas Carranza, Chiconamel, Amatitl\u00e1n y Tlacotepec de Mej\u00eda.<br>Para las elecciones extraordinarias se tendr\u00e1n que instalar consejos municipales del Organismo P\u00fablico Local Electoral (OPLE) y el Consejo General vigilar\u00e1 la organizaci\u00f3n de los comicios.<\/p>\n","protected":false},"excerpt":{"rendered":"<p>Susana Cruz. Veracruz, Ver. El consejero presidente del Organismo P\u00fablico Local Electoral (OPLE), Alejandro Bonilla&#8230;<\/p>\n","protected":false},"author":2,"featured_media":2148,"comment_status":"open","ping_status":"closed","sticky":false,"template":"","format":"standard","meta":{"_monsterinsights_skip_tracking":false,"_monsterinsights_sitenote_active":false,"_monsterinsights_sitenote_note":"","_monsterinsights_sitenote_category":0,"footnotes":""},"categories":[1],"tags":[],"class_list":["post-2147","post","type-post","status-publish","format-standard","has-post-thumbnail","hentry","category-sin-categoria"],"_links":{"self":[{"href":"https:\/\/infoveracruz.com.mx\/index.php\/wp-json\/wp\/v2\/posts\/2147","targetHints":{"allow":["GET"]}}],"collection":[{"href":"https:\/\/infoveracruz.com.mx\/index.php\/wp-json\/wp\/v2\/posts"}],"about":[{"href":"https:\/\/infoveracruz.com.mx\/index.php\/wp-json\/wp\/v2\/types\/post"}],"author":[{"embeddable":true,"href":"https:\/\/infoveracruz.com.mx\/index.php\/wp-json\/wp\/v2\/users\/2"}],"replies":[{"embeddable":true,"href":"https:\/\/infoveracruz.com.mx\/index.php\/wp-json\/wp\/v2\/comments?post=2147"}],"version-history":[{"count":1,"href":"https:\/\/infoveracruz.com.mx\/index.php\/wp-json\/wp\/v2\/posts\/2147\/revisions"}],"predecessor-version":[{"id":2149,"href":"https:\/\/infoveracruz.com.mx\/index.php\/wp-json\/wp\/v2\/posts\/2147\/revisions\/2149"}],"wp:featuredmedia":[{"embeddable":true,"href":"https:\/\/infoveracruz.com.mx\/index.php\/wp-json\/wp\/v2\/media\/2148"}],"wp:attachment":[{"href":"https:\/\/infoveracruz.com.mx\/index.php\/wp-json\/wp\/v2\/media?parent=2147"}],"wp:term":[{"taxonomy":"category","embeddable":true,"href":"https:\/\/infoveracruz.com.mx\/index.php\/wp-json\/wp\/v2\/categories?post=2147"},{"taxonomy":"post_tag","embeddable":true,"href":"https:\/\/infoveracruz.com.mx\/index.php\/wp-json\/wp\/v2\/tags?post=2147"}],"curies":[{"name":"wp","href":"https:\/\/api.w.org\/{rel}","templated":true}]}}