{"id":2143,"date":"2022-02-04T23:36:44","date_gmt":"2022-02-04T23:36:44","guid":{"rendered":"https:\/\/infoveracruz.com.mx\/?p=2143"},"modified":"2022-02-04T23:36:45","modified_gmt":"2022-02-04T23:36:45","slug":"cuatro-llamadas-de-auxilio-ha-dejado-norte-prolongado-en-el-puerto","status":"publish","type":"post","link":"https:\/\/infoveracruz.com.mx\/index.php\/2022\/02\/04\/cuatro-llamadas-de-auxilio-ha-dejado-norte-prolongado-en-el-puerto\/","title":{"rendered":"Cuatro llamadas de auxilio ha dejado norte prolongado en el Puerto"},"content":{"rendered":"\n<p><br>Danytza Flores.<\/p>\n\n\n\n<p><br>Veracruz, Ver.- S\u00f3lo incidentes menores ha dejado el paso del frente frio n\u00famero 28 en la zona conurbada Veracruz-Boca del R\u00edo<br>Alfonso Garc\u00eda Cardona, director de Protecci\u00f3n Civil de Veracruz informa que debido al evento de norte que se registra desde \u00e9ste jueves, al momento han recibido cuatro reportes por afectaciones.<br>Dichos reportes fueron por cables de energ\u00eda el\u00e9ctrica que se reventaron y l\u00e1minas de una iglesia que &#8220;salieron volado&#8221;.<br>Del mismo modo se\u00f1ala que dos sem\u00e1foros sufrieron afectaciones y que hubo un \u00e1rbol ca\u00eddo sin generar da\u00f1os patrimoniales o humanos.<br>De acuerdo a la estaci\u00f3n meteorol\u00f3gica, la racha m\u00e1s fuerte que ha registrado el paso del evento hasta este mediod\u00eda fue de 94.4 km\/h, sin embargo se esperar\u00eda que la mayor intensidad se registrara entre las 2 y 3 de la tarde.<br>Reitera que las playas se encuentran restringidas a los ba\u00f1istas al no haber condiciones seguras para introducirse al mar.<br>Por ello fueron puestas las banderas rojas y los guardavidas se mantendr\u00e1n en las torres de vigilancia para prevenir alg\u00fan incidente.<br>La gente podr\u00e1 permanecer en la zona de arena sin ingresar al mar.<br>Se prev\u00e9 que los efectos del frente fr\u00edo n\u00famero 28 sean prolongados en la zona conurbada Veracruz -Boca Del R\u00edo, por lo que el viento se mantendr\u00e1 hasta el s\u00e1bado por la tarde-noche para decrecer el domingo e intensificarse el lunes.<\/p>\n","protected":false},"excerpt":{"rendered":"<p>Danytza Flores. Veracruz, Ver.- S\u00f3lo incidentes menores ha dejado el paso del frente frio n\u00famero&#8230;<\/p>\n","protected":false},"author":2,"featured_media":2144,"comment_status":"open","ping_status":"closed","sticky":false,"template":"","format":"standard","meta":{"_monsterinsights_skip_tracking":false,"_monsterinsights_sitenote_active":false,"_monsterinsights_sitenote_note":"","_monsterinsights_sitenote_category":0,"footnotes":""},"categories":[111],"tags":[],"class_list":["post-2143","post","type-post","status-publish","format-standard","has-post-thumbnail","hentry","category-local"],"_links":{"self":[{"href":"https:\/\/infoveracruz.com.mx\/index.php\/wp-json\/wp\/v2\/posts\/2143","targetHints":{"allow":["GET"]}}],"collection":[{"href":"https:\/\/infoveracruz.com.mx\/index.php\/wp-json\/wp\/v2\/posts"}],"about":[{"href":"https:\/\/infoveracruz.com.mx\/index.php\/wp-json\/wp\/v2\/types\/post"}],"author":[{"embeddable":true,"href":"https:\/\/infoveracruz.com.mx\/index.php\/wp-json\/wp\/v2\/users\/2"}],"replies":[{"embeddable":true,"href":"https:\/\/infoveracruz.com.mx\/index.php\/wp-json\/wp\/v2\/comments?post=2143"}],"version-history":[{"count":1,"href":"https:\/\/infoveracruz.com.mx\/index.php\/wp-json\/wp\/v2\/posts\/2143\/revisions"}],"predecessor-version":[{"id":2145,"href":"https:\/\/infoveracruz.com.mx\/index.php\/wp-json\/wp\/v2\/posts\/2143\/revisions\/2145"}],"wp:featuredmedia":[{"embeddable":true,"href":"https:\/\/infoveracruz.com.mx\/index.php\/wp-json\/wp\/v2\/media\/2144"}],"wp:attachment":[{"href":"https:\/\/infoveracruz.com.mx\/index.php\/wp-json\/wp\/v2\/media?parent=2143"}],"wp:term":[{"taxonomy":"category","embeddable":true,"href":"https:\/\/infoveracruz.com.mx\/index.php\/wp-json\/wp\/v2\/categories?post=2143"},{"taxonomy":"post_tag","embeddable":true,"href":"https:\/\/infoveracruz.com.mx\/index.php\/wp-json\/wp\/v2\/tags?post=2143"}],"curies":[{"name":"wp","href":"https:\/\/api.w.org\/{rel}","templated":true}]}}