{"id":2116,"date":"2022-02-04T12:17:49","date_gmt":"2022-02-04T12:17:49","guid":{"rendered":"https:\/\/infoveracruz.com.mx\/?p=2116"},"modified":"2022-02-04T12:17:50","modified_gmt":"2022-02-04T12:17:50","slug":"avanzan-los-casos-de-covid-19-en-veracruz-suman-148-mil-911-contagios","status":"publish","type":"post","link":"https:\/\/infoveracruz.com.mx\/index.php\/2022\/02\/04\/avanzan-los-casos-de-covid-19-en-veracruz-suman-148-mil-911-contagios\/","title":{"rendered":"Avanzan los casos de Covid-19 en Veracruz, suman 148 mil 911 contagios."},"content":{"rendered":"\n<p>Redacci\u00f3n Infoveracruz.<\/p>\n\n\n\n<p>Veracruz, Ver. -Detectan mil 345 casos positivos de Covid-19 en Veracruz, en las \u00faltimas horas, informa la Secretar\u00eda de Salud en el estado.<\/p>\n\n\n\n<p>De acuerdo a las autoridades del sector salud, suman 148 mil 911, desde que empez\u00f3 la pandemia, de ese total son 6 mil 964 positivos activos y 897 sospechosos actuales.<\/p>\n\n\n\n<p>Respecto de las cifras acumuladas, la dependencia contabiliza 157 mil 738 resultados negativos y 14 mil 539 sospechosos en investigaci\u00f3n.<\/p>\n\n\n\n<p>Plan Nacional de Vacunaci\u00f3n<\/p>\n\n\n\n<p>A continuaci\u00f3n, los municipios donde ser\u00e1 aplicado el refuerzo al sector de 50 a 59 a\u00f1os.<\/p>\n\n\n\n<p>Solo en los indicados est\u00e1 incluido el de 40 a 49. Igualmente habr\u00e1 atenci\u00f3n a rezagados mayores de 18, as\u00ed como a pendientes de segundas dosis AstraZeneca, Pfizer o Sinovac, y adolescentes de 12 a 17.<\/p>\n\n\n\n<p>El d\u00eda 04 de febrero en Calcahualco.<\/p>\n\n\n\n<p>En Chicontepec (grupos de 40 y 50).<\/p>\n\n\n\n<p>Citlalt\u00e9petl, Coatepec, Ixtaczoquitl\u00e1n.<\/p>\n\n\n\n<p>En Papantla (grupos de 40 y 50).<\/p>\n\n\n\n<p>El 04 y 05 de febrero en Alvarado, Camar\u00f3n de Tejeda<br>y Catemaco.<\/p>\n\n\n\n<p>En Hidalgotitl\u00e1n (grupos de 40 y 50).<\/p>\n\n\n\n<p>En Las Choapas (grupos de 40 y 50).<\/p>\n\n\n\n<p>Medell\u00edn, Paso del Macho, Tres Valles.<\/p>\n\n\n\n<p>Del 04 al 07 de febrero.<\/p>\n\n\n\n<p>En Coatzintla, Tihuatl\u00e1n.<\/p>\n\n\n\n<p>El 05 y 06 de febrero en Juan Rodr\u00edguez Clara.<\/p>\n\n\n\n<p>El 06 y 07 de febrero en Tepatlaxco.<\/p>\n","protected":false},"excerpt":{"rendered":"<p>Redacci\u00f3n Infoveracruz. Veracruz, Ver. -Detectan mil 345 casos positivos de Covid-19 en Veracruz, en las&#8230;<\/p>\n","protected":false},"author":2,"featured_media":2117,"comment_status":"open","ping_status":"closed","sticky":false,"template":"","format":"standard","meta":{"_monsterinsights_skip_tracking":false,"_monsterinsights_sitenote_active":false,"_monsterinsights_sitenote_note":"","_monsterinsights_sitenote_category":0,"footnotes":""},"categories":[112],"tags":[],"class_list":["post-2116","post","type-post","status-publish","format-standard","has-post-thumbnail","hentry","category-estatal"],"_links":{"self":[{"href":"https:\/\/infoveracruz.com.mx\/index.php\/wp-json\/wp\/v2\/posts\/2116","targetHints":{"allow":["GET"]}}],"collection":[{"href":"https:\/\/infoveracruz.com.mx\/index.php\/wp-json\/wp\/v2\/posts"}],"about":[{"href":"https:\/\/infoveracruz.com.mx\/index.php\/wp-json\/wp\/v2\/types\/post"}],"author":[{"embeddable":true,"href":"https:\/\/infoveracruz.com.mx\/index.php\/wp-json\/wp\/v2\/users\/2"}],"replies":[{"embeddable":true,"href":"https:\/\/infoveracruz.com.mx\/index.php\/wp-json\/wp\/v2\/comments?post=2116"}],"version-history":[{"count":1,"href":"https:\/\/infoveracruz.com.mx\/index.php\/wp-json\/wp\/v2\/posts\/2116\/revisions"}],"predecessor-version":[{"id":2118,"href":"https:\/\/infoveracruz.com.mx\/index.php\/wp-json\/wp\/v2\/posts\/2116\/revisions\/2118"}],"wp:featuredmedia":[{"embeddable":true,"href":"https:\/\/infoveracruz.com.mx\/index.php\/wp-json\/wp\/v2\/media\/2117"}],"wp:attachment":[{"href":"https:\/\/infoveracruz.com.mx\/index.php\/wp-json\/wp\/v2\/media?parent=2116"}],"wp:term":[{"taxonomy":"category","embeddable":true,"href":"https:\/\/infoveracruz.com.mx\/index.php\/wp-json\/wp\/v2\/categories?post=2116"},{"taxonomy":"post_tag","embeddable":true,"href":"https:\/\/infoveracruz.com.mx\/index.php\/wp-json\/wp\/v2\/tags?post=2116"}],"curies":[{"name":"wp","href":"https:\/\/api.w.org\/{rel}","templated":true}]}}