{"id":15134,"date":"2022-12-30T17:53:30","date_gmt":"2022-12-30T22:53:30","guid":{"rendered":"https:\/\/infoveracruz.com.mx\/?p=15134"},"modified":"2022-12-30T17:53:31","modified_gmt":"2022-12-30T22:53:31","slug":"asesinan-a-tesorero-de-tezonapa-durante-asalto","status":"publish","type":"post","link":"https:\/\/infoveracruz.com.mx\/index.php\/2022\/12\/30\/asesinan-a-tesorero-de-tezonapa-durante-asalto\/","title":{"rendered":"Asesinan a Tesorero de Tezonapa Durante Asalto"},"content":{"rendered":"\n<p>Jorge Hern\u00e1ndez. <\/p>\n\n\n\n<p>Salvador de Jes\u00fas P.T., tesorero del Ayuntamiento de Tezonapa, fue asesinado a balazos durante un asalto sobre carretera estatal Omealca-Yanga, a la altura del poblado San Jos\u00e9 de Abajo, en Cuitl\u00e1huac, dos trabajadoras que viajaban con la v\u00edctima resultaron lesionadas.<\/p>\n\n\n\n<p>Cerca de las 09:00 horas, el funcionario de Tezonapa viajaba del copiloto en un autom\u00f3vil Nissan March, color blanco con verde, n\u00famero econ\u00f3mico H-11 con eslogan \u201cTezonapa Unidos Avanzamos\u201d, placas YEU-473-A de Veracruz, cuando ocurri\u00f3 el brutal ataque armado.<\/p>\n\n\n\n<p>El tesorero hab\u00eda acudido a un banco en C\u00f3rdoba, acompa\u00f1ado por dos de las trabajadoras, para traer el dinero que requerir\u00edan para la n\u00f3mina del personal del gobierno de Tezonapa, y regresaban a Tezonapa cuando los asaltaron.<\/p>\n\n\n\n<p>Circulaban sobre la carretera estatal Omealca-Yanga, cuando a la altura del poblado San Jos\u00e9 de Abajo, municipio de Cuitl\u00e1huac, criminales les dieron alcance a bordo de un veh\u00edculo y les cerraron el paso para obligarlos a que detuvieran el Nissan March.<\/p>\n\n\n\n<p>Los asaltantes dispararon a quemarropa en contra de los tripulantes del auto Nissan March, asesinando al tesorero e hiriendo a las dos damas, luego se apoderaron del dinero (quiz\u00e1 unos 150 mil pesos), d\u00e1ndose a la fuga con rumbo desconocido.<\/p>\n\n\n\n<p>Param\u00e9dicos del SAMUV auxiliaron a las dos trabajadoras, pues presentaban heridas por arma de fuego, traslad\u00e1ndolas a un hospital en C\u00f3rdoba, sin que se revelara la identidad de las damas.<\/p>\n\n\n\n<p>Un perito criminalista de la Fiscal\u00eda de Cuitl\u00e1huac realiz\u00f3 el levantamiento del cad\u00e1ver del tesorero Salvador de Jes\u00fas P.T., certificando que presentaba nueve heridas producidas por proyectil de arma de fuego, se asent\u00f3 en una Carpeta de Investigaci\u00f3n con n\u00famero 282\/2022.<\/p>\n\n\n\n<p>Detectives de la Polic\u00eda Ministerial (PM) ya iniciaron las investigaciones por el homicidio del tesorero de Tezonapa y el robo del dinero de la n\u00f3mina, pero sin pistas de la identidad de los criminales.<\/p>\n","protected":false},"excerpt":{"rendered":"<p>Jorge Hern\u00e1ndez. Salvador de Jes\u00fas P.T., tesorero del Ayuntamiento de Tezonapa, fue asesinado a balazos&#8230;<\/p>\n","protected":false},"author":2,"featured_media":15135,"comment_status":"closed","ping_status":"closed","sticky":false,"template":"","format":"standard","meta":{"_monsterinsights_skip_tracking":false,"_monsterinsights_sitenote_active":false,"_monsterinsights_sitenote_note":"","_monsterinsights_sitenote_category":0,"footnotes":""},"categories":[1],"tags":[],"class_list":["post-15134","post","type-post","status-publish","format-standard","has-post-thumbnail","hentry","category-sin-categoria"],"_links":{"self":[{"href":"https:\/\/infoveracruz.com.mx\/index.php\/wp-json\/wp\/v2\/posts\/15134","targetHints":{"allow":["GET"]}}],"collection":[{"href":"https:\/\/infoveracruz.com.mx\/index.php\/wp-json\/wp\/v2\/posts"}],"about":[{"href":"https:\/\/infoveracruz.com.mx\/index.php\/wp-json\/wp\/v2\/types\/post"}],"author":[{"embeddable":true,"href":"https:\/\/infoveracruz.com.mx\/index.php\/wp-json\/wp\/v2\/users\/2"}],"replies":[{"embeddable":true,"href":"https:\/\/infoveracruz.com.mx\/index.php\/wp-json\/wp\/v2\/comments?post=15134"}],"version-history":[{"count":1,"href":"https:\/\/infoveracruz.com.mx\/index.php\/wp-json\/wp\/v2\/posts\/15134\/revisions"}],"predecessor-version":[{"id":15136,"href":"https:\/\/infoveracruz.com.mx\/index.php\/wp-json\/wp\/v2\/posts\/15134\/revisions\/15136"}],"wp:featuredmedia":[{"embeddable":true,"href":"https:\/\/infoveracruz.com.mx\/index.php\/wp-json\/wp\/v2\/media\/15135"}],"wp:attachment":[{"href":"https:\/\/infoveracruz.com.mx\/index.php\/wp-json\/wp\/v2\/media?parent=15134"}],"wp:term":[{"taxonomy":"category","embeddable":true,"href":"https:\/\/infoveracruz.com.mx\/index.php\/wp-json\/wp\/v2\/categories?post=15134"},{"taxonomy":"post_tag","embeddable":true,"href":"https:\/\/infoveracruz.com.mx\/index.php\/wp-json\/wp\/v2\/tags?post=15134"}],"curies":[{"name":"wp","href":"https:\/\/api.w.org\/{rel}","templated":true}]}}